{"id":1062,"date":"2022-10-13T12:20:00","date_gmt":"2022-10-13T12:20:00","guid":{"rendered":"https:\/\/gdjqw.beeweb-orange.io\/?p=1062"},"modified":"2026-04-30T11:45:37","modified_gmt":"2026-04-30T11:45:37","slug":"gar-det-att-rekrytera-helt-fordomsfritt","status":"publish","type":"post","link":"https:\/\/roirekrytering.se\/en\/gar-det-att-rekrytera-helt-fordomsfritt\/","title":{"rendered":"Is it possible to recruit completely without prejudice?"},"content":{"rendered":"<p><strong>Recruiting without bias is a hot topic that is often addressed in the recruiting world. What does it really mean to recruit without prejudice and how should we act to minimize prejudice in a recruitment process?<\/strong><\/p>\n\n\n\n<h2 class=\"wp-block-heading\">Vad \u00e4r en f\u00f6rdom?<\/h2>\n\n\n\n<p>En f\u00f6rdom \u00e4r en uppfattning eller \u00e5sikt som grundar sig p\u00e5 felaktig eller otillr\u00e4cklig information. Diskriminering inneb\u00e4r ett beteende som missgynnar en viss grupp av m\u00e4nniskor p\u00e5 fel grunder. F\u00f6rdomar kan i vissa fall leda till diskriminering (ahum.se).<\/p>\n\n\n\n<h2 class=\"wp-block-heading\">Varf\u00f6r har vi f\u00f6rdomar?<\/h2>\n\n\n\n<p>M\u00e4nniskan drivs av att f\u00f6renkla och rationalisera tillvaron. Det h\u00e4r g\u00f6r att vi g\u00e4rna kategoriserar, generaliserar, klassificerar, grupperar och diskriminerar. Eftersom hj\u00e4rnans kapacitet \u00e4r begr\u00e4nsad har vi inte m\u00f6jlighet att analysera allt i detalj, d\u00e4rf\u00f6r vill hj\u00e4rnan alltid ta genv\u00e4gar genom att generalisera och dra slutsatser p\u00e5 otillr\u00e4cklig information. Vi uppr\u00e4tth\u00e5ller \u00e4ven v\u00e5ra f\u00f6rdomar genom att s\u00f6ka p\u00e5 information som st\u00e4rker det vi redan tror p\u00e5 (ahum.se).<\/p>\n\n\n\n<h2 class=\"wp-block-heading\">Att vara medveten om sina f\u00f6rdomar<\/h2>\n\n\n\n<p>Att ha f\u00f6rdomar, \u00e4r med andra ord, en naturlig m\u00e4nsklig egenskap. Att rekrytera f\u00f6rdomsfritt handlar inte om att vara helt utan f\u00f6rdomar utan snarare om medvetenheten om att f\u00f6rdomar alltid finns med oss. Att inse att vi b\u00e4r p\u00e5 f\u00f6rdomar som vi inte var medvetna om fr\u00e5n b\u00f6rjan \u00e4r en annan viktig insikt. Har man den h\u00e4r f\u00f6rst\u00e5elsen \u00e4r det l\u00e4ttare att inte ta beslut baserat p\u00e5 magk\u00e4nsla eller f\u00f6rutfattad mening.<\/p>\n\n\n\n<h2 class=\"wp-block-heading\">Hur minimerar vi f\u00f6rdomar i rekryteringsprocessen?<\/h2>\n\n\n\n<p>Att rekrytera f\u00f6rdomsfritt handlar allts\u00e5 inte om att vara fri p\u00e5 f\u00f6rdomar utan snarare om att jobba metodiskt och vetenskapligt f\u00f6r att minska dessa f\u00f6rdomars p\u00e5verkan p\u00e5 rekryteringen. Med andra ord \u00e4r det viktigt att fokus ligger p\u00e5 kompetens. F\u00f6r att rekrytera kompetensbaserat och undvika f\u00f6rdomar kan du:<\/p>\n\n\n\n<ul class=\"wp-block-list\">\n<li>S\u00e4tta upp en kravprofil som utg\u00e5r fr\u00e5n vilka kompetenser kandidaten beh\u00f6ver.<\/li>\n\n\n\n<li>Anv\u00e4nda dig av certifierade och objektiva tester i urvalsprocessen.<\/li>\n\n\n\n<li>S\u00e4kerst\u00e4lla att kandidater och referenser f\u00e5r samma fr\u00e5gor, st\u00e4llda p\u00e5 samma s\u00e4tt f\u00f6r att svaren ska bli j\u00e4mf\u00f6rbara.<\/li>\n\n\n\n<li>Ta hj\u00e4lp av ett rekryteringsverktyg f\u00f6r att \u00f6ka validiteten.<\/li>\n<\/ul>\n\n\n\n<p>Genom att praktisera kompetensbaserad rekrytering minskas risken f\u00f6r felrekrytering p\u00e5 grund av m\u00e4nskliga faktorer och f\u00f6rutfattade meningar.<\/p>\n\n\n\n<h5 class=\"wp-block-heading\"><strong>Ta hj\u00e4lp av v\u00e5rt rekryteringsverktyg f\u00f6r att rekrytera kompetensbaserat. Kontakta oss f\u00f6r mer information!<\/strong><\/h5>\n\n\n\n<p><a href=\"http:\/\/kontakta%20oss!\/\">info@roirekrytering.stagingidentitet.se&nbsp;<\/a><\/p>","protected":false},"excerpt":{"rendered":"<p>Att rekrytera f\u00f6rdomsfritt \u00e4r ett hett \u00e4mne som ofta adresseras inom rekryteringsv\u00e4rlden. Vad inneb\u00e4r det egentligen att rekrytera f\u00f6rdomsfritt och hur ska vi agera f\u00f6r att minimera f\u00f6rdomarna i en rekryteringsprocess? Vad \u00e4r en f\u00f6rdom? En f\u00f6rdom \u00e4r en uppfattning eller \u00e5sikt som grundar sig p\u00e5 felaktig eller otillr\u00e4cklig information. Diskriminering inneb\u00e4r ett beteende som [&hellip;]<\/p>\n","protected":false},"author":7,"featured_media":1314,"comment_status":"closed","ping_status":"closed","sticky":false,"template":"","format":"standard","meta":{"wds_primary_category":3,"footnotes":""},"categories":[3],"tags":[16,32],"class_list":["post-1062","post","type-post","status-publish","format-standard","has-post-thumbnail","hentry","category-hrblogg","tag-kompetensbaserad_rekrytering","tag-rekrytera"],"_links":{"self":[{"href":"https:\/\/roirekrytering.se\/en\/wp-json\/wp\/v2\/posts\/1062","targetHints":{"allow":["GET"]}}],"collection":[{"href":"https:\/\/roirekrytering.se\/en\/wp-json\/wp\/v2\/posts"}],"about":[{"href":"https:\/\/roirekrytering.se\/en\/wp-json\/wp\/v2\/types\/post"}],"author":[{"embeddable":true,"href":"https:\/\/roirekrytering.se\/en\/wp-json\/wp\/v2\/users\/7"}],"replies":[{"embeddable":true,"href":"https:\/\/roirekrytering.se\/en\/wp-json\/wp\/v2\/comments?post=1062"}],"version-history":[{"count":0,"href":"https:\/\/roirekrytering.se\/en\/wp-json\/wp\/v2\/posts\/1062\/revisions"}],"wp:featuredmedia":[{"embeddable":true,"href":"https:\/\/roirekrytering.se\/en\/wp-json\/wp\/v2\/media\/1314"}],"wp:attachment":[{"href":"https:\/\/roirekrytering.se\/en\/wp-json\/wp\/v2\/media?parent=1062"}],"wp:term":[{"taxonomy":"category","embeddable":true,"href":"https:\/\/roirekrytering.se\/en\/wp-json\/wp\/v2\/categories?post=1062"},{"taxonomy":"post_tag","embeddable":true,"href":"https:\/\/roirekrytering.se\/en\/wp-json\/wp\/v2\/tags?post=1062"}],"curies":[{"name":"wp","href":"https:\/\/api.w.org\/{rel}","templated":true}]}}