{"id":1179,"date":"2018-11-16T11:24:00","date_gmt":"2018-11-16T11:24:00","guid":{"rendered":"https:\/\/gdjqw.beeweb-orange.io\/?p=1179"},"modified":"2026-04-30T11:46:56","modified_gmt":"2026-04-30T11:46:56","slug":"hrforum-november-gdpr-vad-hander-nu","status":"publish","type":"post","link":"https:\/\/roirekrytering.se\/en\/hrforum-november-gdpr-vad-hander-nu\/","title":{"rendered":"HRFORUM november: GDPR- vad h\u00e4nder nu?"},"content":{"rendered":"<h2 class=\"wp-block-heading\"><br>GDPR,&nbsp;E-Privacy och vad som komma skall<\/h2>\n\n\n\n<p>P\u00e5 HRFORUM i november f\u00f6rel\u00e4ste Jens Kinnander, advokat och partner p\u00e5 Advokatfirman Delphi. Dagens tema var GDPR, ett omr\u00e5de som var minst sagt aktuellt i v\u00e5ras n\u00e4r lagen tr\u00e4dde i kraft. Sedan dess har m\u00e5nga f\u00f6retags intresse och engagemang f\u00f6r lagstiftningen svalnat. Jens Kinnander gav d\u00e4rf\u00f6r tips p\u00e5 hur organisationer kan arbeta l\u00e5ngsiktigt och konsekvent med GDPR.<\/p>\n\n\n\n<p id=\"caption-attachment-6322\">Jens Kinnander, advokat och partner fr\u00e5n Delphi<\/p>\n\n\n\n<p>\u2013Av naturliga sk\u00e4l var det en stark hype kring GDPR i v\u00e5ras, inf\u00f6r och i samband med att den nya dataskyddslagen tr\u00e4dde i kraft den 25 maj. Fram till sommaren p\u00e5gick full aktivitet vad g\u00e4ller GDPR i m\u00e5nga svenska organisationer, men d\u00e4refter planade det ut rej\u00e4lt. Nu verkar det som att f\u00f6retagen har skakat av sig baksm\u00e4llan, de inser att den h\u00e4r lagstiftningen fortfarande \u00e4r viktig och i allra h\u00f6gsta grad aktuellt, s\u00e4ger Jens Kinnander.<\/p>\n\n\n\n<h2 class=\"wp-block-heading\">Datainspektionens kontroller av f\u00f6retag och organisationer<\/h2>\n\n\n\n<p>Han tog \u00e4ven upp Datainspektionens kontroller av f\u00f6retag och organisationer. De har identifierat en hel del brister i hur v\u00e4l organisationerna svarar upp till GDPR men har hittills varit relativt sn\u00e4lla vad g\u00e4ller p\u00e5f\u00f6ljderna eftersom lagstiftningen fortfarande \u00e4r ny. P\u00e5 l\u00e4ngre sikt kommer Datainspektionen f\u00f6rmodligen att sk\u00e4rpa p\u00e5f\u00f6ljderna f\u00f6r organisationer som inte uppfyller GDPR-kraven p\u00e5 ett korrekt s\u00e4tt.<\/p>\n\n\n\n<p>\u2013Jag n\u00e4mnde ocks\u00e5 de fokusomr\u00e5den som Datainspektionen indikerat att de kommer att granska fram\u00f6ver, bland annat hur organisationer anv\u00e4nder samtyckesgrunden, om de samtycken som samlas in kan anses uppfylla kravet p\u00e5 att de ska vara frivilliga samt om individer har m\u00f6jlighet att \u00e5terkalla sitt samtycke. Datainspektionerna kommer \u00e4ven att granska rollerna som personuppgiftsansvarig och personuppgiftsbitr\u00e4de ute i organisationerna, s\u00e4ger Jens Kinnander.<\/p>\n\n\n\n<h2 class=\"wp-block-heading\">Informerade om nya lagstiftningar<\/h2>\n\n\n\n<p>Intresset f\u00f6r GDPR var stort p\u00e5 HR-Forum, m\u00e5nga inser att man beh\u00f6ver hitta fram till l\u00e5ngsiktigt fungerande rutiner f\u00f6r organisationens GDPR-arbete, utan att f\u00f6r den sakens skull g\u00f6ra avkall p\u00e5 verksamhetens aff\u00e4rsfokus.<\/p>\n\n\n\n<p>\u2013Jag n\u00e4mnde \u00e4ven lite om den nya E-Privacy f\u00f6rordningen, en lagstiftning med regler f\u00f6r elektroniska kommunikationstj\u00e4nster. Det \u00e4r en lagstiftning som uppkommit till f\u00f6ljd av GDPR, men n\u00e4r den tr\u00e4der i kraft \u00e4r \u00e4nnu oklart. Dessutom pratade vi om kamerabevakningslagen, som uppdaterats till f\u00f6ljd av GDPR och tr\u00e4dde i kraft den 1 augusti, s\u00e4ger Jens Kinnander.<\/p>\n\n\n\n<p>Vill du veta mer om HRFORUM, GDPR eller den nya f\u00f6rordningen E \u2013 Privacy h\u00f6r av dig till&nbsp;<a href=\"mailto:info@roirekrytering.stagingidentitet.se\">info@roirekrytering.stagingidentitet.se<\/a>.<\/p>\n\n\n\n<h2 class=\"wp-block-heading\">L\u00e4s mer om GPDR h\u00e4r:<\/h2>\n\n\n\n<p><a href=\"https:\/\/roirekrytering.se\/en\/hrblogg\/gdpr-sakra-dina-rekryteringsprocesser\/\">GDPR -s\u00e4kra dina rekryteringsprocesser<\/a><\/p>\n\n\n\n<p><a href=\"https:\/\/roirekrytering.se\/en\/hrblogg\/checklista-for-att-gdpr-sakra-er-rekrytering\/\">Checklista f\u00f6r GDPR<\/a><\/p>\n\n\n\n<p>Beh\u00f6ver du l\u00e4ra dig mer om GDPR? Ta en kostnadsfri webbkurs p\u00e5<a href=\"http:\/\/www.rekryteringsakademin.se\/\">&nbsp;rekryteringsakademin.se<\/a><\/p>","protected":false},"excerpt":{"rendered":"<p>GDPR,&nbsp;E-Privacy och vad som komma skall P\u00e5 HRFORUM i november f\u00f6rel\u00e4ste Jens Kinnander, advokat och partner p\u00e5 Advokatfirman Delphi. Dagens tema var GDPR, ett omr\u00e5de som var minst sagt aktuellt i v\u00e5ras n\u00e4r lagen tr\u00e4dde i kraft. Sedan dess har m\u00e5nga f\u00f6retags intresse och engagemang f\u00f6r lagstiftningen svalnat. Jens Kinnander gav d\u00e4rf\u00f6r tips p\u00e5 hur [&hellip;]<\/p>\n","protected":false},"author":7,"featured_media":1444,"comment_status":"closed","ping_status":"closed","sticky":false,"template":"","format":"standard","meta":{"wds_primary_category":3,"footnotes":""},"categories":[3],"tags":[8,33],"class_list":["post-1179","post","type-post","status-publish","format-standard","has-post-thumbnail","hentry","category-hrblogg","tag-digitalisering","tag-hr"],"_links":{"self":[{"href":"https:\/\/roirekrytering.se\/en\/wp-json\/wp\/v2\/posts\/1179","targetHints":{"allow":["GET"]}}],"collection":[{"href":"https:\/\/roirekrytering.se\/en\/wp-json\/wp\/v2\/posts"}],"about":[{"href":"https:\/\/roirekrytering.se\/en\/wp-json\/wp\/v2\/types\/post"}],"author":[{"embeddable":true,"href":"https:\/\/roirekrytering.se\/en\/wp-json\/wp\/v2\/users\/7"}],"replies":[{"embeddable":true,"href":"https:\/\/roirekrytering.se\/en\/wp-json\/wp\/v2\/comments?post=1179"}],"version-history":[{"count":0,"href":"https:\/\/roirekrytering.se\/en\/wp-json\/wp\/v2\/posts\/1179\/revisions"}],"wp:featuredmedia":[{"embeddable":true,"href":"https:\/\/roirekrytering.se\/en\/wp-json\/wp\/v2\/media\/1444"}],"wp:attachment":[{"href":"https:\/\/roirekrytering.se\/en\/wp-json\/wp\/v2\/media?parent=1179"}],"wp:term":[{"taxonomy":"category","embeddable":true,"href":"https:\/\/roirekrytering.se\/en\/wp-json\/wp\/v2\/categories?post=1179"},{"taxonomy":"post_tag","embeddable":true,"href":"https:\/\/roirekrytering.se\/en\/wp-json\/wp\/v2\/tags?post=1179"}],"curies":[{"name":"wp","href":"https:\/\/api.w.org\/{rel}","templated":true}]}}