{"id":2564,"date":"2025-11-13T07:52:31","date_gmt":"2025-11-13T07:52:31","guid":{"rendered":"https:\/\/roirekrytering.stagingidentitet.se\/?p=2564"},"modified":"2026-04-30T11:44:46","modified_gmt":"2026-04-30T11:44:46","slug":"novembers-hrforum-klimaktieriet-pa-arbetsplatsen","status":"publish","type":"post","link":"https:\/\/roirekrytering.se\/en\/novembers-hrforum-klimaktieriet-pa-arbetsplatsen\/","title":{"rendered":"Novembers HRFORUM: Klimakteriet p\u00e5 arbetsplatsen"},"content":{"rendered":"<div data-elementor-type=\"wp-post\" data-elementor-id=\"2564\" class=\"elementor elementor-2564\" data-elementor-post-type=\"post\">\n\t\t\t\t<div class=\"has_eae_slider elementor-element elementor-element-505b62d9 e-flex e-con-boxed e-con e-parent\" data-id=\"505b62d9\" data-element_type=\"container\">\n\t\t\t\t\t<div class=\"e-con-inner\">\n\t\t\t\t<div class=\"elementor-element elementor-element-1b9f08dc elementor-widget elementor-widget-text-editor\" data-id=\"1b9f08dc\" data-element_type=\"widget\" data-widget_type=\"text-editor.default\">\n\t\t\t\t<div class=\"elementor-widget-container\">\n\t\t\t\t\t\t\t\t\t\n<p>P\u00e5 h\u00f6stens sista HRFORUM fick vi m\u00f6jligheten att lyssna p\u00e5 Anna-Karin Mikkel\u00e4 om hur klimakteriet p\u00e5verkar oss p\u00e5 arbetsplatsen. Ett otroligt viktigt \u00e4mne som Anna-Karin levererade p\u00e5 ett v\u00e4ldigt insiktsfullt och inspirerande s\u00e4tt!<\/p>\n\n<p>Varannan person g\u00e5r igenom klimakteriet och \u00e4nd\u00e5 vet vi s\u00e5 lite om det. Det saknas tillr\u00e4cklig forskning, det saknas utbildning inom v\u00e5rden och vi som g\u00e5r igenom klimakteriet l\u00e4r oss inte sj\u00e4lva heller \u2013 f\u00f6rr\u00e4n efter att symptomen dykt upp. Det \u00e4r dags att ta bort stigman och tabun, f\u00f6r klimakteriet beh\u00f6ver vi prata och l\u00e4ra oss om, \u00e4ven p\u00e5 v\u00e5ra jobb.<\/p>\n\n<h2 class=\"wp-block-heading\"><strong><strong>Men vad h\u00e4nder om n\u00e4r vi faktiskt lyfter upp det till ytan?<\/strong><\/strong><\/h2>\n\n<p>Jo, sjukfr\u00e5nvaro minskar (d\u00e4r \u00e4r Partille kommun ett klockrent exempel), o\u00f6nskad personaloms\u00e4ttning upph\u00f6r och engagemanget blir st\u00f6rre. S\u00e5 blir det n\u00e4r individer i klimakteriet har f\u00f6rst\u00e5else f\u00f6r sitt m\u00e5ende, hittar enkla l\u00f6sningar f\u00f6r att hantera b\u00e5de klimakteriesymptom och arbetsuppgifterna och d\u00e4rmed har mer ork i vardagen, i livet och p\u00e5 jobbet.<\/p>\n<p>Kunskapen om klimakteriet kan spridas p\u00e5 en m\u00e4ngd olika s\u00e4tt p\u00e5 arbetsplatser, det viktigaste \u00e4r att g\u00f6ra det som passar organisationen b\u00e4st.<\/p>\n<p><strong>H\u00e4r \u00e4r n\u00e5gra f\u00f6rslag:<\/strong><\/p>\n<ul>\n<li>Engagera egna ambassad\u00f6rer som kan sprida ordet, ocks\u00e5 f\u00f6r att avlasta HR-avdelningen.<\/li>\n<li>Tipsa om klimakteriekunskap p\u00e5 intran\u00e4tet, s\u00e5 \u00e4r informationen l\u00e4ttillg\u00e4nglig f\u00f6r alla.<\/li>\n<li>L\u00e4r er mer om klimakteriet under en arbetsmilj\u00f6vecka, varf\u00f6r inte arrangera en bokcirkel d\u00e5 med utg\u00e5ngspunkt i boken Klimakteriet p\u00e5 jobbet?<\/li>\n<li>Bjud in en extern f\u00f6redragsh\u00e5llare.<\/li>\n<li>Lyssna p\u00e5 poddar, l\u00e4s artiklar och hj\u00e4lps \u00e5t att sprida kunskapen p\u00e5 jobbet i fikarummen, p\u00e5 affischer p\u00e5 toalettd\u00f6rrar eller p\u00e5 annat s\u00e4tt som passar just er.<\/li>\n<li>Ge cheferna f\u00f6ruts\u00e4ttningar att med trygghet och kunskap kunna h\u00e5lla enskilda samtal med medarbetare om klimakteriet.<\/li>\n<\/ul>\n<p>Just det sista tipset h\u00e4lsar Anna-Karin att hon och Tina R\u00f6rgren fr\u00e5n Anna&amp;Tina startar en utbildning inom: <em>G\u00f6r det sv\u00e5ra talbart \u2013 samtalstr\u00e4ning f\u00f6r chefer om klimakteriet.<\/em>\u00a0<\/p>\n<p>Kontakta g\u00e4rna Anna-Karin f\u00f6r mer information, hon n\u00e5s p\u00e5 <a href=\"mailto:anna-karin@mikkelaochmanniskor.se\" data-outlook-id=\"b85e257a-4651-458e-a5d1-df0f0e9f8fb4\">anna-karin@mikkelaochmanniskor.se<\/a> och 070-525 12 92. L\u00e4s mer om samtalsutbildningen G\u00f6r det sv\u00e5ra talbart <a href=\"https:\/\/mikkelaochmanniskor.se\/klimakteriet-samtalstraning-chefer\/\">h\u00e4r<\/a><\/p>\n<p>\u00a0<\/p>\n<figure class=\"wp-block-image\"><\/figure>\n\n<p>Vill du veta mer om n\u00e4sta HRFORUM h\u00f6r av dig till\u00a0<a href=\"mailto:info@roirekrytering.stagingidentitet.se\" target=\"_blank\" rel=\"noreferrer noopener\">info@roirekrytering.stagingidentitet.se<\/a><\/p>\n\n<p>\u00a0<\/p>\n\t\t\t\t\t\t\t\t<\/div>\n\t\t\t\t<\/div>\n\t\t\t\t\t<\/div>\n\t\t\t\t<\/div>\n\t\t<div class=\"has_eae_slider elementor-element elementor-element-884a942 e-flex e-con-boxed e-con e-parent\" data-id=\"884a942\" data-element_type=\"container\">\n\t\t\t\t\t<div class=\"e-con-inner\">\n\t\t\t\t\t<\/div>\n\t\t\t\t<\/div>\n\t\t\t\t<\/div>","protected":false},"excerpt":{"rendered":"<p>P\u00e5 h\u00f6stens sista HRFORUM fick vi m\u00f6jligheten att lyssna p\u00e5 Anna-Karin Mikkel\u00e4 om hur klimakteriet p\u00e5verkar oss p\u00e5 arbetsplatsen. Ett otroligt viktigt \u00e4mne som Anna-Karin levererade p\u00e5 ett v\u00e4ldigt insiktsfullt och inspirerande s\u00e4tt! Varannan person g\u00e5r igenom klimakteriet och \u00e4nd\u00e5 vet vi s\u00e5 lite om det. Det saknas tillr\u00e4cklig forskning, det saknas utbildning inom v\u00e5rden [&hellip;]<\/p>\n","protected":false},"author":7,"featured_media":2575,"comment_status":"closed","ping_status":"closed","sticky":false,"template":"","format":"standard","meta":{"wds_primary_category":3,"footnotes":""},"categories":[3],"tags":[10,33,13,46,17],"class_list":["post-2564","post","type-post","status-publish","format-standard","has-post-thumbnail","hentry","category-hrblogg","tag-foretagskultur","tag-hr","tag-hr_forum","tag-klimaktieriet","tag-ledarskap"],"_links":{"self":[{"href":"https:\/\/roirekrytering.se\/en\/wp-json\/wp\/v2\/posts\/2564","targetHints":{"allow":["GET"]}}],"collection":[{"href":"https:\/\/roirekrytering.se\/en\/wp-json\/wp\/v2\/posts"}],"about":[{"href":"https:\/\/roirekrytering.se\/en\/wp-json\/wp\/v2\/types\/post"}],"author":[{"embeddable":true,"href":"https:\/\/roirekrytering.se\/en\/wp-json\/wp\/v2\/users\/7"}],"replies":[{"embeddable":true,"href":"https:\/\/roirekrytering.se\/en\/wp-json\/wp\/v2\/comments?post=2564"}],"version-history":[{"count":0,"href":"https:\/\/roirekrytering.se\/en\/wp-json\/wp\/v2\/posts\/2564\/revisions"}],"wp:featuredmedia":[{"embeddable":true,"href":"https:\/\/roirekrytering.se\/en\/wp-json\/wp\/v2\/media\/2575"}],"wp:attachment":[{"href":"https:\/\/roirekrytering.se\/en\/wp-json\/wp\/v2\/media?parent=2564"}],"wp:term":[{"taxonomy":"category","embeddable":true,"href":"https:\/\/roirekrytering.se\/en\/wp-json\/wp\/v2\/categories?post=2564"},{"taxonomy":"post_tag","embeddable":true,"href":"https:\/\/roirekrytering.se\/en\/wp-json\/wp\/v2\/tags?post=2564"}],"curies":[{"name":"wp","href":"https:\/\/api.w.org\/{rel}","templated":true}]}}